{"id":936,"date":"2018-03-25T14:35:51","date_gmt":"2018-03-25T18:35:51","guid":{"rendered":"http:\/\/localhost\/doitarts\/?p=936"},"modified":"2025-12-04T03:51:41","modified_gmt":"2025-12-04T07:51:41","slug":"elementos-conceituais-visuais-relacionais","status":"publish","type":"post","link":"https:\/\/doitarts.com\/fundamentos-do-design\/elementos-conceituais-visuais-relacionais\/","title":{"rendered":"O que s\u00e3o elementos conceituais, visuais e relacionais?"},"content":{"rendered":"\r\n<p>Elementos conceituais, visuais e relacionais\u00a0s\u00e3o elementos que fazem parte de toda composi\u00e7\u00e3o e podem ser empregadas em todo e qualquer projeto com foco nas prim\u00edcias do\u00a0<a href=\"https:\/\/doitarts.com\/conceitos\/vamos-definir-o-que-e-design-2\/\">Design<\/a>. Tal contexto est\u00e1 presente desde a concep\u00e7\u00e3o de um produto at\u00e9 sua apresenta\u00e7\u00e3o em g\u00f4ndolas de supermercados e elementos tecnol\u00f3gicos e interativos.<\/p>\r\n<h2>Elementos conceituais<\/h2>\r\n\r\n\r\n\r\n\r\n\r\n<p>Um elemento conceitual, n\u00e3o \u00e9 vis\u00edvel pode ser um pensamento, como pr\u00f3prio nome j\u00e1 o define \u00e9 um conceito.\u00a0Ele n\u00e3o existe num determinado contexto, mas est\u00e1 subtendido.<\/p>\r\n\r\n\r\n\r\n\r\n\r\n<blockquote class=\"is-layout-flow wp-block-quote-is-layout-flow\">\r\n<p>Por exemplo: Sentimos a exist\u00eancia de um ponto no \u00e2ngulo de um formato, sentimos que h\u00e1 uma linha marcando o contorno de um objeto ou que h\u00e1 planos envolvendo um volume. Esses pontos, linhas e planos n\u00e3o est\u00e3o l\u00e1, pois se estivessem, deixariam de ser conceituais. ( A Necessidade da Arte, de Ernest Fisher)<\/p>\r\n<\/blockquote>\r\n<p>Veja a imagem abaixo, sabemos que se trata de um bal\u00e3o em seu formato, pois sua forma \u00e9 determinada por linhas que n\u00e3o existem, mas conceitualmente fecham\/delimitam a ideia ou a percep\u00e7\u00e3o de seu formato.<\/p>\r\n\r\n\r\n\r\n<div class=\"wp-block-image\">\r\n<figure class=\"aligncenter\"><img decoding=\"async\" class=\"wp-image-941\" src=\"https:\/\/doitarts.com\/wp-content\/uploads\/2018\/03\/elementos-conceituais-visuais-relacionais-doitarts.jpg\" alt=\"elementos conceituais visuais relacionais doitarts\" \/><\/figure>\r\n<\/div>\r\n\r\n\r\n\r\n<h3 class=\"wp-block-heading\">Elementos visuais<\/h3>\r\n\r\n\r\n\r\n<p>Os elementos visuais est\u00e3o presentes e s\u00e3o definidos quando um objeto \u00e9 desenhado em qualquer superf\u00edcie. Por exemplo, a linha desenhada representa uma linha conceitual (n\u00e3o existe), em comprimento, largura, textura e cor.<\/p>\r\n\r\n\r\n\r\n<p>S\u00e3o essas representa\u00e7\u00f5es de visuais que formam o que enxergamos, usamos a linha para representar uma linha que \u00e9 conceitual.<\/p>\r\n\r\n\r\n\r\n<blockquote class=\"wp-block-quote is-layout-flow wp-block-quote-is-layout-flow\">\r\n<p><em>Os elementos formam a parte visual que \u00e9 a parte mais proeminente da representa\u00e7\u00e3o gr\u00e1fica, pois s\u00e3o aquilo que podemos ver de fato.<\/em><\/p>\r\n<\/blockquote>\r\n<p>Podemos citar a mesma imagem acima, as linhas que formam o rosto no bal\u00e3o s\u00e3o elementos visuais que representam o que enxergamos como a ideia de sorriso e de olhos.<\/p>\r\n\r\n\r\n\r\n<h3 class=\"wp-block-heading\">Elementos relacionais<\/h3>\r\n\r\n\r\n\r\n<p>S\u00e3o os que governam a a rela\u00e7\u00e3o a localiza\u00e7\u00e3o e inter-rela\u00e7\u00e3o das formas dentro de uma composi\u00e7\u00e3o. Voc\u00ea possui essa percep\u00e7\u00e3o quando distingue elementos como:<\/p>\r\n\r\n\r\n\r\n<ul class=\"wp-block-list\">\r\n<li>Dire\u00e7\u00e3o;<\/li>\r\n<li>Posi\u00e7\u00e3o;<\/li>\r\n<li>Espa\u00e7o;<\/li>\r\n<li>Profundidade;<\/li>\r\n<\/ul>\r\n\r\n\r\n\r\n<p>Dentro desse aparato de conceitos, podemos incluir a\u00ed sim, os demais elementos que fazem parte da cria\u00e7\u00e3o do imagin\u00e1rio do designer, em inovar e a criar.<\/p>\r\n\r\n\r\n\r\n<p>Entender esses elementos, mesmo de forma emp\u00edrica (baseado na experi\u00eancia e na observa\u00e7\u00e3o), nos d\u00e1 a no\u00e7\u00e3o de como iremos projetar produtos ou mesmo elaborar m\u00e9todos que solucione algum problema.<\/p>\r\n\r\n\r\n\r\n<p>Os elementos conceituais, visuais e relacionais fazem parte do dia a dia, mesmo quando n\u00e3o trabalhamos em um projeto, eles est\u00e3o ali presentes, na ideia, no visual e em relacionamentos.<\/p>\r\n","protected":false},"excerpt":{"rendered":"<p>S\u00e3o elementos que fazem parte de toda composi\u00e7\u00e3o e podem ser empregadas em todo e qualquer projeto&#8230;<\/p>\n","protected":false},"author":1,"featured_media":938,"comment_status":"open","ping_status":"open","sticky":false,"template":"","format":"standard","meta":{"footnotes":""},"categories":[2],"tags":[98,99,100],"class_list":["post-936","post","type-post","status-publish","format-standard","has-post-thumbnail","hentry","category-fundamentos-do-design","tag-elementos-conceituais","tag-elementos-relacionais","tag-elementos-visuais"],"_links":{"self":[{"href":"https:\/\/doitarts.com\/wp-json\/wp\/v2\/posts\/936","targetHints":{"allow":["GET"]}}],"collection":[{"href":"https:\/\/doitarts.com\/wp-json\/wp\/v2\/posts"}],"about":[{"href":"https:\/\/doitarts.com\/wp-json\/wp\/v2\/types\/post"}],"author":[{"embeddable":true,"href":"https:\/\/doitarts.com\/wp-json\/wp\/v2\/users\/1"}],"replies":[{"embeddable":true,"href":"https:\/\/doitarts.com\/wp-json\/wp\/v2\/comments?post=936"}],"version-history":[{"count":4,"href":"https:\/\/doitarts.com\/wp-json\/wp\/v2\/posts\/936\/revisions"}],"predecessor-version":[{"id":12911,"href":"https:\/\/doitarts.com\/wp-json\/wp\/v2\/posts\/936\/revisions\/12911"}],"wp:featuredmedia":[{"embeddable":true,"href":"https:\/\/doitarts.com\/wp-json\/wp\/v2\/media\/938"}],"wp:attachment":[{"href":"https:\/\/doitarts.com\/wp-json\/wp\/v2\/media?parent=936"}],"wp:term":[{"taxonomy":"category","embeddable":true,"href":"https:\/\/doitarts.com\/wp-json\/wp\/v2\/categories?post=936"},{"taxonomy":"post_tag","embeddable":true,"href":"https:\/\/doitarts.com\/wp-json\/wp\/v2\/tags?post=936"}],"curies":[{"name":"wp","href":"https:\/\/api.w.org\/{rel}","templated":true}]}}