{"id":922,"date":"2018-03-14T15:29:59","date_gmt":"2018-03-14T19:29:59","guid":{"rendered":"http:\/\/localhost\/doitarts\/?p=922"},"modified":"2022-06-21T21:50:35","modified_gmt":"2022-06-21T12:50:35","slug":"forma-e-expressoes-visuais","status":"publish","type":"post","link":"https:\/\/doitarts.com\/fundamentos-do-design\/forma-e-expressoes-visuais\/","title":{"rendered":"Forma e express\u00f5es visuais aplicadas ao Design &#8211; conceitos"},"content":{"rendered":"\n<p>Falaremos de conceitos b\u00e1sicos (formas e express\u00f5es visuais) e que se relacionam, com o objetivo de promover a comunica\u00e7\u00e3o.<\/p>\n\n\n\n<p>A comunica\u00e7\u00e3o pode ser uma express\u00e3o gr\u00e1fica ou at\u00e9 a composi\u00e7\u00e3o de espa\u00e7os no que diz respeito a&nbsp;<a href=\"https:\/\/doitarts.com\/profissao\/\">design de interiores<\/a>.<\/p>\n\n\n\n<p>Quando se quer criar um projeto visual dentro da \u00e1rea gr\u00e1fica ou arquitet\u00f4nica, \u00e9 praticamente imposs\u00edvel n\u00e3o se criar um esbo\u00e7o.<\/p>\n\n\n\n<figure class=\"wp-block-image size-large\"><img decoding=\"async\" width=\"1024\" height=\"578\" src=\"https:\/\/doitarts.com\/wp-content\/uploads\/2018\/03\/conceito-forma-expressao-visual-2-1024x578.jpg\" alt=\"Forma e express\u00f5es visuais\" class=\"wp-image-929\" srcset=\"https:\/\/doitarts.com\/wp-content\/uploads\/2018\/03\/conceito-forma-expressao-visual-2-300x169.jpg 300w, https:\/\/doitarts.com\/wp-content\/uploads\/2018\/03\/conceito-forma-expressao-visual-2-500x282.jpg 500w, https:\/\/doitarts.com\/wp-content\/uploads\/2018\/03\/conceito-forma-expressao-visual-2-700x395.jpg 700w, https:\/\/doitarts.com\/wp-content\/uploads\/2018\/03\/conceito-forma-expressao-visual-2-768x433.jpg 768w, https:\/\/doitarts.com\/wp-content\/uploads\/2018\/03\/conceito-forma-expressao-visual-2-scaled.jpg 900w, https:\/\/doitarts.com\/wp-content\/uploads\/2018\/03\/conceito-forma-expressao-visual-2-1024x578.jpg 1024w\" sizes=\"(max-width: 1024px) 100vw, 1024px\" \/><\/figure>\n\n\n\n<p>O esbo\u00e7o por si s\u00f3 est\u00e1 cheio de elementos visuais, que podem ser seguidos ou n\u00e3o, e partem do estudo e experi\u00eancia.<\/p>\n\n\n\n<p>Todos os elementos visuais possuem diversos elementos que enxergamos, e que podem ser analisados, dentro desta perspectiva \u00e9 poss\u00edvel decompor tais elementos para se compreender um todo.<\/p>\n\n\n\n<p>Dessa forma se remove poss\u00edveis ambiguidades, extraindo a informa\u00e7\u00e3o da estrutura e a forma de constru\u00e7\u00e3o aplicada ao Design.<\/p>\n\n\n\n<p>A linguagem visual \u00e9 a base para o bom design, principalmente quando se usa linguagem n\u00e3o verbal.<\/p>\n\n\n\n<p>Para uma compreens\u00e3o total da comunica\u00e7\u00e3o se utiliza a l\u00edngua como suporte.<\/p>\n\n\n\n<h3 class=\"wp-block-heading\">Ent\u00e3o, quais os princ\u00edpios ou conceitos que melhor se pode utilizar quanto a organiza\u00e7\u00e3o visual?<\/h3>\n\n\n\n<p>O designer pode trabalhar esses conceitos at\u00e9 mesmo sem perceber, pois o mesmo \u00e9 emp\u00edrico (referente a suas experi\u00eancias).<\/p>\n\n\n\n<p>Esses princ\u00edpios s\u00e3o determinantes para uma boa est\u00e9tica e compreens\u00e3o do que se pretende.<\/p>\n\n\n\n<p>Fundamentos que lhe dar\u00e3o uma capacidade de organiza\u00e7\u00e3o, que facilitar\u00e1 o processo de cria\u00e7\u00e3o e conceitua\u00e7\u00e3o de um projeto.<\/p>\n\n\n\n<p>\u00c9 dif\u00edcil colocar em palavras todos os significados referente a linguagem visual, uma vez que \u00e9 composta de v\u00e1rios ponto de vistas de acordo com quem observa, pois este leva em considera\u00e7\u00e3o sua experi\u00eancia e base cultural.<\/p>\n\n\n\n<p>Por isso a base do <a href=\"https:\/\/doitarts.com\/conceitos\/vamos-definir-o-que-e-design-2\/\">design<\/a> s\u00e3o formas que lhe apoiam na linguagem n\u00e3o verbal, utilizando a linguagem verbal como suporte.<\/p>\n\n\n\n<p>Por isso a base do nosso estudo conceitual s\u00e3o:<\/p>\n\n\n\n<ul class=\"wp-block-list\"><li>O ponto;<\/li><li>A linha;<\/li><li>O plano;<\/li><li>O volume;<\/li><li>A cor.<\/li><\/ul>\n\n\n\n<p>Dados bibliogr\u00e1ficos:<\/p>\n\n\n\n<p>Livro: A Necessidade da Arte, de Ernest Fisher. Tradu\u00e7\u00e3o \u2013 Leandro Kondel. Ed. Guanabara. 9a edi\u00e7\u00e3o. (1987)<\/p>\n","protected":false},"excerpt":{"rendered":"<p>Falaremos de conceitos b\u00e1sicos e que se relacionam, com o objetivo de promover a comunica\u00e7\u00e3o.<\/p>\n","protected":false},"author":1,"featured_media":928,"comment_status":"closed","ping_status":"open","sticky":false,"template":"","format":"standard","meta":{"footnotes":""},"categories":[2],"tags":[],"class_list":["post-922","post","type-post","status-publish","format-standard","has-post-thumbnail","hentry","category-fundamentos-do-design"],"_links":{"self":[{"href":"https:\/\/doitarts.com\/wp-json\/wp\/v2\/posts\/922","targetHints":{"allow":["GET"]}}],"collection":[{"href":"https:\/\/doitarts.com\/wp-json\/wp\/v2\/posts"}],"about":[{"href":"https:\/\/doitarts.com\/wp-json\/wp\/v2\/types\/post"}],"author":[{"embeddable":true,"href":"https:\/\/doitarts.com\/wp-json\/wp\/v2\/users\/1"}],"replies":[{"embeddable":true,"href":"https:\/\/doitarts.com\/wp-json\/wp\/v2\/comments?post=922"}],"version-history":[{"count":0,"href":"https:\/\/doitarts.com\/wp-json\/wp\/v2\/posts\/922\/revisions"}],"wp:featuredmedia":[{"embeddable":true,"href":"https:\/\/doitarts.com\/wp-json\/wp\/v2\/media\/928"}],"wp:attachment":[{"href":"https:\/\/doitarts.com\/wp-json\/wp\/v2\/media?parent=922"}],"wp:term":[{"taxonomy":"category","embeddable":true,"href":"https:\/\/doitarts.com\/wp-json\/wp\/v2\/categories?post=922"},{"taxonomy":"post_tag","embeddable":true,"href":"https:\/\/doitarts.com\/wp-json\/wp\/v2\/tags?post=922"}],"curies":[{"name":"wp","href":"https:\/\/api.w.org\/{rel}","templated":true}]}}