{"id":7597,"date":"2021-03-22T03:59:20","date_gmt":"2021-03-22T07:59:20","guid":{"rendered":"http:\/\/localhost\/doitarts\/?p=7597"},"modified":"2021-03-22T03:59:23","modified_gmt":"2021-03-22T07:59:23","slug":"design-institucional","status":"publish","type":"post","link":"https:\/\/doitarts.com\/carreira-e-mercado-para-designer\/profissao-e-design\/design-institucional\/","title":{"rendered":"Design Institucional"},"content":{"rendered":"\n<p>O Design Institucional \u00e9 um ramo de atua\u00e7\u00e3o que compete ao <a class=\"keychainify-checked\" href=\"https:\/\/doitarts.com\/profissoes\/o-que-faz-o-profissional-de-design-grafico\/\">Designer Gr\u00e1fico<\/a>. Por sua vez \u00e9 o profissional e respons\u00e1vel direto em trabalhar com as institui\u00e7\u00f5es.<\/p>\n\n\n\n<p>Suas compet\u00eancias abrangem:<\/p>\n\n\n\n<h3 class=\"wp-block-heading\">Identidade Visual<\/h3>\n\n\n\n<blockquote class=\"wp-block-quote is-layout-flow wp-block-quote-is-layout-flow\"><p>Identidade visual \u00e9 o conjunto de elementos formais que representa visualmente, e de forma sistematizada, um nome, ideia, produto, empresa, institui\u00e7\u00e3o ou servi\u00e7o. Esse conjunto de elementos costuma ter como base o logotipo, um s\u00edmbolo visual que se complementa nos c\u00f3digos de cores, das tipografias, nos grafismos, em personagens, nas personalidades e outros componentes que refor\u00e7am o conceito a ser comunicado atrav\u00e9s dessa imagem como o Slogan ou Tag lines, que cumprem este papel. Resumidamente a Identidade Visual \u00e9 a imagem ampliada da marca.<\/p><cite>Rita Clifton.&nbsp;<strong>O mundo das marcas<\/strong>. Lisboa: Editorial, 2004<\/cite><\/blockquote>\n\n\n\n<h3 class=\"wp-block-heading\">Imagem Corporativa<\/h3>\n\n\n\n<p>A imagem corporativa define como uma empresa se parece, como ela \u00e9 percebida, ao contr\u00e1rio da identidade corporativa que define quem a empresa \u00e9.<\/p>\n\n\n\n<blockquote class=\"wp-block-quote is-layout-flow wp-block-quote-is-layout-flow\"><p>Kunsch (2003), ao citar Riel (1995), afirma que a imagem \u00e9 um conjunto de significados pelos quais se chega a conhecer um objeto e por meio do qual as pessoas o descrevem, recordam e se relacionam.<\/p><cite>Kunsch (2003)<\/cite><\/blockquote>\n\n\n\n<p>Em ambos os casos os elementos finais e esfor\u00e7os do Designer Gr\u00e1fico (ou equipe de designer), est\u00e3o focados no meio institucional, n\u00e3o importando basicamente quais institui\u00e7\u00f5es, mas como a sua identidade e imagem se apresentam diante do p\u00fablico.<\/p>\n\n\n\n<p>O conjunto de a\u00e7\u00f5es respons\u00e1veis que tem como objetivo de alcan\u00e7ar as metas do Design institucional faz parte do <strong>branding<\/strong> da empresa\/institui\u00e7\u00e3o, que s\u00e3o basicamente a\u00e7\u00f5es que ir\u00e3o cuidar da imagem e da consolida\u00e7\u00e3o da empresa ou institui\u00e7\u00e3o no mercado ou no nicho a qual representa.<\/p>\n","protected":false},"excerpt":{"rendered":"<p>O Design Institucional \u00e9 um ramo de atua\u00e7\u00e3o que compete ao Designer Gr\u00e1fico. Por sua vez \u00e9 o profissional e  [&#8230;]<\/p>\n","protected":false},"author":1,"featured_media":7598,"comment_status":"open","ping_status":"closed","sticky":false,"template":"","format":"standard","meta":{"footnotes":""},"categories":[6],"tags":[3],"class_list":["post-7597","post","type-post","status-publish","format-standard","has-post-thumbnail","hentry","category-profissao-e-design","tag-design-brasil"],"_links":{"self":[{"href":"https:\/\/doitarts.com\/wp-json\/wp\/v2\/posts\/7597","targetHints":{"allow":["GET"]}}],"collection":[{"href":"https:\/\/doitarts.com\/wp-json\/wp\/v2\/posts"}],"about":[{"href":"https:\/\/doitarts.com\/wp-json\/wp\/v2\/types\/post"}],"author":[{"embeddable":true,"href":"https:\/\/doitarts.com\/wp-json\/wp\/v2\/users\/1"}],"replies":[{"embeddable":true,"href":"https:\/\/doitarts.com\/wp-json\/wp\/v2\/comments?post=7597"}],"version-history":[{"count":0,"href":"https:\/\/doitarts.com\/wp-json\/wp\/v2\/posts\/7597\/revisions"}],"wp:featuredmedia":[{"embeddable":true,"href":"https:\/\/doitarts.com\/wp-json\/wp\/v2\/media\/7598"}],"wp:attachment":[{"href":"https:\/\/doitarts.com\/wp-json\/wp\/v2\/media?parent=7597"}],"wp:term":[{"taxonomy":"category","embeddable":true,"href":"https:\/\/doitarts.com\/wp-json\/wp\/v2\/categories?post=7597"},{"taxonomy":"post_tag","embeddable":true,"href":"https:\/\/doitarts.com\/wp-json\/wp\/v2\/tags?post=7597"}],"curies":[{"name":"wp","href":"https:\/\/api.w.org\/{rel}","templated":true}]}}