{"id":7232,"date":"2020-09-05T22:00:00","date_gmt":"2020-09-06T02:00:00","guid":{"rendered":"http:\/\/localhost\/doitarts\/?p=7232"},"modified":"2025-02-05T01:42:26","modified_gmt":"2025-02-05T05:42:26","slug":"a-historia-do-design-um-breve-resumo","status":"publish","type":"post","link":"https:\/\/doitarts.com\/historia-e-evolucao-do-design\/a-historia-do-design-um-breve-resumo\/","title":{"rendered":"A Hist\u00f3ria do Design um breve resumo"},"content":{"rendered":"\r\n<p class=\"has-drop-cap\">A hist\u00f3ria do Design um breve resumo, tem por objetivo descrever alguns pontos hist\u00f3ricos que formam o design como profiss\u00e3o, desta forma trazer um panorama geral do tema, al\u00e9m disso n\u00e3o nos aprofundaremos em pormenores que podem ser melhor investigados dentro do meio acad\u00eamico.<\/p>\r\n\r\n\r\n\r\n<p>Para esclarecer queremos ainda agu\u00e7ar os nossos leitores para se aperfei\u00e7oarem em rela\u00e7\u00e3o ao tema (hist\u00f3ria do Design), e consequentemente, ter um norte para esse conhecimento.<\/p>\r\n\r\n\r\n\r\n<p>Durante a hist\u00f3ria das civiliza\u00e7\u00f5es o ser humano buscou moldar os elementos \u00e0 sua vontade, esse \u00edmpeto levou a produ\u00e7\u00e3o de pe\u00e7as ornamentais de uso est\u00e9tico ou com finalidade espec\u00edfica, como por exemplo a produ\u00e7\u00e3o de vasos e mesmo espadas com o objetivo de guerrear.<\/p>\r\n\r\n\r\n\r\n<p>Os prim\u00f3rdios do Design s\u00e3o caracterizados dentro do que conhecemos como Revolu\u00e7\u00e3o Industrial, que foi o per\u00edodo que se acentuou a transi\u00e7\u00e3o de processos de manufatura entre 1760 a meados de 1840.<\/p>\r\n\r\n\r\n\r\n<p>No in\u00edcio do s\u00e9culo 20 o Design passou a ser objeto de estudo dentro do contexto cultural e industrial da Alemanha. Em outras palavras, o conhecimento e estudos relacionados ao Design passaram a ser organizados em uma disciplina.<\/p>\r\n\r\n\r\n\r\n<p>No Brasil, podemos dizer que o Design surge a partir da influ\u00eancia da Deutscher Werkbund (Federa\u00e7\u00e3o Alem\u00e3 de Artes\u00e3os), Bauhaus e Escola de Ulm.<\/p>\r\n\r\n\r\n\r\n<p>A Universidade do Estado do Rio de Janeiro (UERJ), foi a primeira institui\u00e7\u00e3o de ensino superior em Design no Brasil, conhecida na \u00e9poca como: Escola Superior de Desenho Insdutrial (ESDI). Essa por sua vez foi fundada em 1962.<\/p>\r\n\r\n\r\n\r\n<p>O modelo de ensino do Design no Brasil seguia a escola alem\u00e3 de Ulm, em 1975 a ESDI passou a fazer parte do CTC &#8211; Centro de Tecnologias e Ci\u00eancias da UERJ, tornando-se assim uma das mais tradicionais escolas de Design do Brasil.<\/p>\r\n\r\n\r\n\r\n<p>A Escola de Ulm foi fundada em 1953, por Max Bill e outros para promover os princ\u00edpios do Bauhaus. De 1952 at\u00e9 seu fechamento em 1968 por motiva\u00e7\u00f5es pol\u00edticas e financeiras.<\/p>\r\n\r\n\r\n\n<blockquote class=\"wp-block-quote is-layout-flow wp-block-quote-is-layout-flow\"><p><em>Esperamos ter ajudado, por favor curta e compartilhe nosso conte\u00fado para que mais pessoas entendam sobre Design e seus conceitos.<\/em><\/p><p>Muito Obrigado!<\/p><cite><a href=\"https:\/\/doitarts.com\/\">Do It Arts<\/a> por Denis Solano<\/cite><\/blockquote>\n\r\n\r\n\r\n<p><\/p>\r\n","protected":false},"excerpt":{"rendered":"<p>Queremos ainda agu\u00e7ar os nossos leitores para se aperfei\u00e7oarem em rela\u00e7\u00e3o ao tema (hist\u00f3ria do Design), e consequentemente, ter um norte para esse conhecimento.<\/p>\n","protected":false},"author":1,"featured_media":7239,"comment_status":"closed","ping_status":"closed","sticky":false,"template":"","format":"standard","meta":{"footnotes":""},"categories":[1542],"tags":[1081,88],"class_list":["post-7232","post","type-post","status-publish","format-standard","has-post-thumbnail","hentry","category-historia-e-evolucao-do-design","tag-bauhaus","tag-historia-do-design"],"_links":{"self":[{"href":"https:\/\/doitarts.com\/wp-json\/wp\/v2\/posts\/7232","targetHints":{"allow":["GET"]}}],"collection":[{"href":"https:\/\/doitarts.com\/wp-json\/wp\/v2\/posts"}],"about":[{"href":"https:\/\/doitarts.com\/wp-json\/wp\/v2\/types\/post"}],"author":[{"embeddable":true,"href":"https:\/\/doitarts.com\/wp-json\/wp\/v2\/users\/1"}],"replies":[{"embeddable":true,"href":"https:\/\/doitarts.com\/wp-json\/wp\/v2\/comments?post=7232"}],"version-history":[{"count":0,"href":"https:\/\/doitarts.com\/wp-json\/wp\/v2\/posts\/7232\/revisions"}],"wp:featuredmedia":[{"embeddable":true,"href":"https:\/\/doitarts.com\/wp-json\/wp\/v2\/media\/7239"}],"wp:attachment":[{"href":"https:\/\/doitarts.com\/wp-json\/wp\/v2\/media?parent=7232"}],"wp:term":[{"taxonomy":"category","embeddable":true,"href":"https:\/\/doitarts.com\/wp-json\/wp\/v2\/categories?post=7232"},{"taxonomy":"post_tag","embeddable":true,"href":"https:\/\/doitarts.com\/wp-json\/wp\/v2\/tags?post=7232"}],"curies":[{"name":"wp","href":"https:\/\/api.w.org\/{rel}","templated":true}]}}