{"id":3711,"date":"2024-08-26T02:54:32","date_gmt":"2024-08-26T06:54:32","guid":{"rendered":"http:\/\/localhost\/doitarts\/?p=3711"},"modified":"2025-05-13T23:11:04","modified_gmt":"2025-05-13T14:11:04","slug":"olavo-de-carvalho-verdade-estetica","status":"publish","type":"post","link":"https:\/\/doitarts.com\/inspiracao\/pensamentos\/olavo-de-carvalho-verdade-estetica\/","title":{"rendered":"Olavo de Carvalho Verdade, Est\u00e9tica e Esp\u00edrito Cr\u00edtico"},"content":{"rendered":"<h2 data-start=\"620\" data-end=\"701\"><strong data-start=\"624\" data-end=\"701\">30 Frases de Olavo de Carvalho sobre Verdade, Est\u00e9tica e Esp\u00edrito Cr\u00edtico<\/strong><\/h2>\n<p data-start=\"703\" data-end=\"1010\">Olavo de Carvalho (1947\u20132022) foi um fil\u00f3sofo, escritor e jornalista brasileiro, amplamente conhecido por seu estilo pol\u00eamico e por seu papel influente no <a href=\"https:\/\/doitarts.com\/inspiracao-e-pensamentos\/\">pensamento<\/a> conservador contempor\u00e2neo do Brasil. Autodidata, Olavo desenvolveu uma filosofia marcada pela cr\u00edtica ao marxismo, ao globalismo e \u00e0 decad\u00eancia cultural do Ocidente, buscando resgatar valores tradicionais, especialmente atrav\u00e9s da filosofia perene, da religi\u00e3o e da metaf\u00edsica.<\/p>\n<p class=\"\" data-start=\"703\" data-end=\"1010\">A obra de Olavo de Carvalho marcou profundamente o cen\u00e1rio intelectual brasileiro nas \u00faltimas d\u00e9cadas. Pol\u00eamico, contundente e muitas vezes incompreendido, ele construiu uma filosofia de vida enraizada na busca da verdade, no valor da ordem e na import\u00e2ncia da est\u00e9tica como reflexo da realidade espiritual.<\/p>\n<p class=\"\" data-start=\"1012\" data-end=\"1261\">Neste artigo, reunimos 30 frases de <a href=\"https:\/\/www.youtube.com\/@opropriolavodecarvalho\" target=\"_blank\" rel=\"noopener nofollow\">Olavo de Carvalho<\/a> que provocam reflex\u00e3o sobre os temas centrais da sua obra. S\u00e3o pensamentos que atravessam a \u00e9tica, a linguagem, a arte e a exist\u00eancia \u2014 ideais para quem busca inspira\u00e7\u00e3o com densidade filos\u00f3fica.<\/p>\n<h3 class=\"\" data-start=\"1268\" data-end=\"1305\"><strong data-start=\"1272\" data-end=\"1305\">Est\u00e9tica e ordem<\/strong><\/h3>\n<blockquote data-start=\"1307\" data-end=\"1973\">\n<ol data-start=\"1309\" data-end=\"1973\">\n<li class=\"\" data-start=\"1309\" data-end=\"1371\">\n<p class=\"\" data-start=\"1312\" data-end=\"1371\">\u201cO caos est\u00e9tico se prolonga num caos moral, caos \u00e9tico.\u201d<\/p>\n<\/li>\n<li class=\"\" data-start=\"1374\" data-end=\"1437\">\n<p class=\"\" data-start=\"1377\" data-end=\"1437\">\u201cA est\u00e9tica \u00e9 a sensibilidade treinada pela intelig\u00eancia.\u201d<\/p>\n<\/li>\n<li class=\"\" data-start=\"1440\" data-end=\"1496\">\n<p class=\"\" data-start=\"1443\" data-end=\"1496\">\u201cA beleza \u00e9 um reflexo vis\u00edvel da ordem invis\u00edvel.\u201d<\/p>\n<\/li>\n<li class=\"\" data-start=\"1499\" data-end=\"1555\">\n<p class=\"\" data-start=\"1502\" data-end=\"1555\">\u201cA destrui\u00e7\u00e3o da forma \u00e9 a destrui\u00e7\u00e3o da ess\u00eancia.\u201d<\/p>\n<\/li>\n<li class=\"\" data-start=\"1558\" data-end=\"1626\">\n<p class=\"\" data-start=\"1561\" data-end=\"1626\">\u201cNenhuma obra feia pode ensinar a beleza \u2014 s\u00f3 pode anestesiar.\u201d<\/p>\n<\/li>\n<li class=\"\" data-start=\"1629\" data-end=\"1710\">\n<p class=\"\" data-start=\"1632\" data-end=\"1710\">\u201cO que chamam de arte contempor\u00e2nea \u00e9, muitas vezes, a celebra\u00e7\u00e3o do vazio.\u201d<\/p>\n<\/li>\n<li class=\"\" data-start=\"1713\" data-end=\"1771\">\n<p class=\"\" data-start=\"1716\" data-end=\"1771\">\u201cA est\u00e9tica n\u00e3o \u00e9 enfeite, \u00e9 fundamento do esp\u00edrito.\u201d<\/p>\n<\/li>\n<li class=\"\" data-start=\"1774\" data-end=\"1854\">\n<p class=\"\" data-start=\"1777\" data-end=\"1854\">\u201cTudo que destr\u00f3i a percep\u00e7\u00e3o da beleza destr\u00f3i tamb\u00e9m a percep\u00e7\u00e3o do bem.\u201d<\/p>\n<\/li>\n<li class=\"\" data-start=\"1857\" data-end=\"1908\">\n<p class=\"\" data-start=\"1860\" data-end=\"1908\">\u201cA forma \u00e9 o in\u00edcio da intelig\u00eancia sens\u00edvel.\u201d<\/p>\n<\/li>\n<li class=\"\" data-start=\"1911\" data-end=\"1973\">\n<p class=\"\" data-start=\"1915\" data-end=\"1973\">\u201cO h\u00e1bito de aceitar o feio torna a alma surda ao belo.\u201d<\/p>\n<\/li>\n<\/ol>\n<\/blockquote>\n<h3 class=\"\" data-start=\"1980\" data-end=\"2020\"><strong data-start=\"1984\" data-end=\"2020\">Verdade e linguagem<\/strong><\/h3>\n<ol start=\"11\" data-start=\"2024\" data-end=\"2719\">\n<li class=\"\" data-start=\"2024\" data-end=\"2092\">\n<p class=\"\" data-start=\"2028\" data-end=\"2092\">\u201cModera\u00e7\u00e3o na defesa da verdade \u00e9 servi\u00e7o prestado \u00e0 mentira.\u201d<\/p>\n<\/li>\n<li class=\"\" data-start=\"2095\" data-end=\"2159\">\n<p class=\"\" data-start=\"2099\" data-end=\"2159\">\u201cA verdade n\u00e3o depende do consenso; depende da realidade.\u201d<\/p>\n<\/li>\n<li class=\"\" data-start=\"2162\" data-end=\"2232\">\n<p class=\"\" data-start=\"2166\" data-end=\"2232\">\u201cO primeiro dever de um intelectual \u00e9 ser honesto com os fatos.\u201d<\/p>\n<\/li>\n<li class=\"\" data-start=\"2235\" data-end=\"2278\">\n<p class=\"\" data-start=\"2239\" data-end=\"2278\">\u201cA clareza \u00e9 a cortesia do fil\u00f3sofo.\u201d<\/p>\n<\/li>\n<li class=\"\" data-start=\"2281\" data-end=\"2348\">\n<p class=\"\" data-start=\"2285\" data-end=\"2348\">\u201cQuando a linguagem se corrompe, o pensamento se desintegra.\u201d<\/p>\n<\/li>\n<li class=\"\" data-start=\"2351\" data-end=\"2427\">\n<p class=\"\" data-start=\"2355\" data-end=\"2427\">\u201cQuem n\u00e3o entende a linguagem simb\u00f3lica, nunca entender\u00e1 a realidade.\u201d<\/p>\n<\/li>\n<li class=\"\" data-start=\"2430\" data-end=\"2491\">\n<p class=\"\" data-start=\"2434\" data-end=\"2491\">\u201cA liberdade sem responsabilidade \u00e9 a semente do caos.\u201d<\/p>\n<\/li>\n<li class=\"\" data-start=\"2494\" data-end=\"2549\">\n<p class=\"\" data-start=\"2498\" data-end=\"2549\">\u201cN\u00e3o existe neutralidade em quest\u00f5es essenciais.\u201d<\/p>\n<\/li>\n<li class=\"\" data-start=\"2552\" data-end=\"2625\">\n<p class=\"\" data-start=\"2556\" data-end=\"2625\">\u201cA vida intelectual come\u00e7a quando se desconfia da pr\u00f3pria opini\u00e3o.\u201d<\/p>\n<\/li>\n<li class=\"\" data-start=\"2628\" data-end=\"2719\">\n<p class=\"\" data-start=\"2632\" data-end=\"2719\">\u201cEntre a mentira reconfortante e a verdade desconcertante, escolha a segunda \u2014 sempre.\u201d<\/p>\n<\/li>\n<\/ol>\n<h3 class=\"\" data-start=\"2726\" data-end=\"2778\"><strong data-start=\"2730\" data-end=\"2778\">Cultura, civiliza\u00e7\u00e3o e esp\u00edrito<\/strong><\/h3>\n<blockquote data-start=\"2780\" data-end=\"3492\">\n<ol class=\"yoast-text-mark\" start=\"21\">\n<li class=\"\" data-s=\"\">\n<p class=\"\" data-start=\"2786\" data-end=\"2839\">\u201cSem hierarquia, n\u00e3o h\u00e1 civiliza\u00e7\u00e3o \u2014 s\u00f3 gritaria.\u201d<\/p>\n<\/li>\n<li class=\"\" data-start=\"2842\" data-end=\"2907\">\n<p class=\"\" data-start=\"2846\" data-end=\"2907\">\u201cTodo discurso contra a ordem oculta um desejo de tirania.\u201d<\/p>\n<\/li>\n<li class=\"\" data-start=\"2910\" data-end=\"2995\">\n<p class=\"\" data-start=\"2914\" data-end=\"2995\">\u201cA educa\u00e7\u00e3o moderna ensina a duvidar de tudo, menos do seu pr\u00f3prio narcisismo.\u201d<\/p>\n<\/li>\n<li class=\"\" data-start=\"2998\" data-end=\"3056\">\n<p class=\"\" data-start=\"3002\" data-end=\"3056\">\u201cA alma se forma pela contempla\u00e7\u00e3o do que \u00e9 eterno.\u201d<\/p>\n<\/li>\n<li class=\"\" data-start=\"3059\" data-end=\"3132\">\n<p class=\"\" data-start=\"3063\" data-end=\"3132\">\u201cO esp\u00edrito se forma na disciplina da linguagem e da contempla\u00e7\u00e3o.\u201d<\/p>\n<\/li>\n<li class=\"\" data-start=\"3135\" data-end=\"3219\">\n<p class=\"\" data-start=\"3139\" data-end=\"3219\">\u201cDestruir padr\u00f5es \u00e9 f\u00e1cil; construir s\u00edmbolos \u00e9 a tarefa do esp\u00edrito elevado.\u201d<\/p>\n<\/li>\n<li class=\"\" data-start=\"3222\" data-end=\"3295\">\n<p class=\"\" data-start=\"3226\" data-end=\"3295\">\u201cUma cultura que zomba da beleza cava sua pr\u00f3pria cova espiritual.\u201d<\/p>\n<\/li>\n<li class=\"\" data-start=\"3298\" data-end=\"3370\">\n<p class=\"\" data-start=\"3302\" data-end=\"3370\">\u201cToda grande civiliza\u00e7\u00e3o come\u00e7ou por uma rever\u00eancia ao invis\u00edvel.\u201d<\/p>\n<\/li>\n<li class=\"\" data-start=\"3373\" data-end=\"3431\">\n<p class=\"\" data-start=\"3377\" data-end=\"3431\">\u201cN\u00e3o existe arte verdadeira sem a busca do sublime.\u201d<\/p>\n<\/li>\n<li class=\"\" data-start=\"3434\" data-end=\"3492\">\n<p class=\"\" data-start=\"3438\" data-end=\"3492\">\u201cA ordem nasce do sacrif\u00edcio; o caos, da indulg\u00eancia.\u201d<\/p>\n<\/li>\n<\/ol>\n<\/blockquote>\n<p class=\"\" data-start=\"3518\" data-end=\"3843\">As frases de Olavo de Carvalho n\u00e3o s\u00e3o apenas provoca\u00e7\u00f5es intelectuais \u2014 s\u00e3o convites ao aprofundamento, ao combate da superficialidade e \u00e0 recupera\u00e7\u00e3o do senso de realidade. Em um tempo marcado por ru\u00eddo e relativismo, sua obra continua a inspirar aqueles que se preocupam com o destino da verdade, da linguagem e da beleza.<\/p>\n<p class=\"\" data-start=\"3845\" data-end=\"3976\">Se voc\u00ea gostou dessa sele\u00e7\u00e3o, explore tamb\u00e9m outros autores e pensadores que desafiaram sua \u00e9poca com ideias fortes e inquietantes.<\/p>\n","protected":false},"excerpt":{"rendered":"<p>\u201cO caos est\u00e9tico se prolonga num caos moral, caos \u00e9tico\u201d<br \/>\nOlavo de Carvalho<\/p>\n","protected":false},"author":1,"featured_media":1192,"comment_status":"closed","ping_status":"closed","sticky":false,"template":"","format":"standard","meta":{"footnotes":""},"categories":[1520,14],"tags":[29,30,31],"class_list":["post-3711","post","type-post","status-publish","format-standard","has-post-thumbnail","hentry","category-inspiracao","category-pensamentos","tag-grandes-designers","tag-grandes-pensadores","tag-inspiracoes"],"_links":{"self":[{"href":"https:\/\/doitarts.com\/wp-json\/wp\/v2\/posts\/3711","targetHints":{"allow":["GET"]}}],"collection":[{"href":"https:\/\/doitarts.com\/wp-json\/wp\/v2\/posts"}],"about":[{"href":"https:\/\/doitarts.com\/wp-json\/wp\/v2\/types\/post"}],"author":[{"embeddable":true,"href":"https:\/\/doitarts.com\/wp-json\/wp\/v2\/users\/1"}],"replies":[{"embeddable":true,"href":"https:\/\/doitarts.com\/wp-json\/wp\/v2\/comments?post=3711"}],"version-history":[{"count":0,"href":"https:\/\/doitarts.com\/wp-json\/wp\/v2\/posts\/3711\/revisions"}],"wp:featuredmedia":[{"embeddable":true,"href":"https:\/\/doitarts.com\/wp-json\/wp\/v2\/media\/1192"}],"wp:attachment":[{"href":"https:\/\/doitarts.com\/wp-json\/wp\/v2\/media?parent=3711"}],"wp:term":[{"taxonomy":"category","embeddable":true,"href":"https:\/\/doitarts.com\/wp-json\/wp\/v2\/categories?post=3711"},{"taxonomy":"post_tag","embeddable":true,"href":"https:\/\/doitarts.com\/wp-json\/wp\/v2\/tags?post=3711"}],"curies":[{"name":"wp","href":"https:\/\/api.w.org\/{rel}","templated":true}]}}