{"id":2402,"date":"2019-07-04T20:21:59","date_gmt":"2019-07-04T11:21:59","guid":{"rendered":"http:\/\/localhost\/doitarts\/?p=2402"},"modified":"2025-12-04T02:40:30","modified_gmt":"2025-12-04T06:40:30","slug":"ponto-linha-plano-volume-cor","status":"publish","type":"post","link":"https:\/\/doitarts.com\/fundamentos-do-design\/ponto-linha-plano-volume-cor\/","title":{"rendered":"O ponto, a linha, o plano, o volume e a cor"},"content":{"rendered":"\r\n<p>No design o ponto, a linha, o plano, o volume e a cor s\u00e3o conceitos que implicam na comunica\u00e7\u00e3o n\u00e3o verbal e fazem parte da linguagem visual que como dissemos anteriormente, em <a href=\"https:\/\/doitarts.com\/conceitos\/forma-e-expressoes-visuais\/\">Formas e Express\u00f5es Visuais<\/a> utilizam a linguagem verbal como suporte.<\/p>\r\n\r\n\r\n\r\n<h2 class=\"wp-block-heading\">O Ponto como estrutura visual<\/h2>\r\n\r\n<p>&nbsp;<\/p>\r\n<p>&nbsp;<\/p>\r\n\r\n<p><a href=\"https:\/\/doitarts.com\/wp-content\/uploads\/2019\/07\/o-ponto-2022-scaled.jpg\"><img decoding=\"async\" class=\"aligncenter wp-image-9014 size-full\" title=\"O ponto a linha o plano o volume e a cor\" src=\"https:\/\/doitarts.com\/wp-content\/uploads\/2019\/07\/o-ponto-2022-scaled.jpg\" alt=\"O ponto\" width=\"900\" height=\"507\" srcset=\"https:\/\/doitarts.com\/wp-content\/uploads\/2019\/07\/o-ponto-2022-150x84.jpg 150w, https:\/\/doitarts.com\/wp-content\/uploads\/2019\/07\/o-ponto-2022-200x113.jpg 200w, https:\/\/doitarts.com\/wp-content\/uploads\/2019\/07\/o-ponto-2022-300x169.jpg 300w, https:\/\/doitarts.com\/wp-content\/uploads\/2019\/07\/o-ponto-2022-400x225.jpg 400w, https:\/\/doitarts.com\/wp-content\/uploads\/2019\/07\/o-ponto-2022-scaled-500x282.jpg 500w, https:\/\/doitarts.com\/wp-content\/uploads\/2019\/07\/o-ponto-2022-600x338.jpg 600w, https:\/\/doitarts.com\/wp-content\/uploads\/2019\/07\/o-ponto-2022-scaled-700x394.jpg 700w, https:\/\/doitarts.com\/wp-content\/uploads\/2019\/07\/o-ponto-2022-768x432.jpg 768w, https:\/\/doitarts.com\/wp-content\/uploads\/2019\/07\/o-ponto-2022-800x450.jpg 800w, https:\/\/doitarts.com\/wp-content\/uploads\/2019\/07\/o-ponto-2022-scaled.jpg 900w\" sizes=\"(max-width: 900px) 100vw, 900px\" \/><\/a><\/p>\r\n<p>Quando falamos desta estrutura, estamos nos referindo ao in\u00edcio de tudo, pois \u00e9 uma estrutura visual primitiva, em <strong>Geometria Descritiva<\/strong> n\u00e3o possui \u00e1rea, volume ou comprimento.<\/p>\r\n\r\n\r\n\r\n<p>Ela \u00e9 uma abstra\u00e7\u00e3o ou conceito, por isso \u00e9 comum dizer que \u00e9 uma unidade base da geometria.<\/p>\r\n\r\n\r\n\r\n<p>Em <a href=\"https:\/\/doitarts.com\/conceitos\/design-visual\/\">Comunica\u00e7\u00e3o Visual<\/a> o ela \u00e9 irredut\u00edvel e pode indicar um lugar no espa\u00e7o, assim como pode exercer um grande poder atra\u00e7\u00e3o visual, seja ele natural ou feito pelo homem.<\/p>\r\n\r\n\r\n\r\n<p>Quando os est\u00e3o alinhados e pr\u00f3ximos, se tornam parecidos com uma linha, que por sua vez \u00e9 capaz de direcionar o olhar.<\/p>\r\n\r\n\r\n\r\n<p>Em linguagem visual alguns elementos isolados podem n\u00e3o ter significado ou simplesmente n\u00e3o dizer nada, o que se difere da linguagem escrita que se apoia na tipografia.<\/p>\r\n\r\n\r\n\r\n<p>Quando este elemento est\u00e1 inserido em algum contexto pode transmitir grandes significados para quem observa.<\/p>\r\n\r\n\r\n\r\n<h3 class=\"wp-block-heading\">A Linha como elemento visual<\/h3>\r\n\r\n\r\n\r\n<p><a href=\"https:\/\/doitarts.com\/wp-content\/uploads\/2019\/07\/a-reta-scaled.jpg\"><img decoding=\"async\" class=\"aligncenter wp-image-9015 size-full\" title=\"O ponto a linha o plano o volume e a cor\" src=\"https:\/\/doitarts.com\/wp-content\/uploads\/2019\/07\/a-reta-scaled.jpg\" alt=\"a reta\" width=\"900\" height=\"507\" srcset=\"https:\/\/doitarts.com\/wp-content\/uploads\/2019\/07\/a-reta-150x84.jpg 150w, https:\/\/doitarts.com\/wp-content\/uploads\/2019\/07\/a-reta-200x113.jpg 200w, https:\/\/doitarts.com\/wp-content\/uploads\/2019\/07\/a-reta-300x169.jpg 300w, https:\/\/doitarts.com\/wp-content\/uploads\/2019\/07\/a-reta-400x225.jpg 400w, https:\/\/doitarts.com\/wp-content\/uploads\/2019\/07\/a-reta-scaled-500x282.jpg 500w, https:\/\/doitarts.com\/wp-content\/uploads\/2019\/07\/a-reta-600x338.jpg 600w, https:\/\/doitarts.com\/wp-content\/uploads\/2019\/07\/a-reta-scaled-700x394.jpg 700w, https:\/\/doitarts.com\/wp-content\/uploads\/2019\/07\/a-reta-768x432.jpg 768w, https:\/\/doitarts.com\/wp-content\/uploads\/2019\/07\/a-reta-800x450.jpg 800w, https:\/\/doitarts.com\/wp-content\/uploads\/2019\/07\/a-reta-scaled.jpg 900w\" sizes=\"(max-width: 900px) 100vw, 900px\" \/><\/a><\/p>\r\n\r\n\r\n\r\n\r\n\r\n<p>Conceitualmente a <strong>linha<\/strong> \u00e9 o ponto em movimento, por esse motivo sua sequ\u00eancia da ideia de movimento.<\/p>\r\n<p>Como elemento visual pode ter <strong>cor, textura, comprimento e largura<\/strong>.<\/p>\r\n\r\n\r\n\r\n<ul>\r\n<li>\u00c9 um elemento secund\u00e1rio, pois tem como origem o ponto.\r\n\r\n<\/li>\r\n<li>Possui posi\u00e7\u00e3o e dire\u00e7\u00e3o limitadas por pontos.<\/li>\r\n<\/ul>\r\n\r\n\r\n\r\n<p>Em artes \u00e9 um elemento que est\u00e1 em movimento, inquieto que busca o esbo\u00e7o, nesse sentido em linguagem visual a ela representa aquilo que n\u00e3o existe, ou seja existe na imagina\u00e7\u00e3o.<\/p>\r\n\r\n\r\n\r\n<p>Como s\u00edmbolo est\u00e1 pr\u00f3xima a intelig\u00eancia e demonstra a for\u00e7a de construir algo, determina\u00e7\u00e3o e a ordem.<\/p>\r\n\r\n\r\n\r\n<p>Esta possui tr\u00eas formas b\u00e1sicas: horizontal, vertical e diagonal. Cada uma delas faz alus\u00e3o a um aspecto humano.<\/p>\r\n\r\n\r\n\r\n<ul>\r\n<li>Na horizontal\u00a0 pode exprimir a posi\u00e7\u00e3o de deitar, descansar\/morrer.\r\n\r\n<\/li>\r\n<li>Na vertical \u00e9 oposta, sua energia vai ao infinito ou vice versa.\r\n\r\n<\/li>\r\n<li>Na diagonal \u00e9 intermedi\u00e1ria e representa a uni\u00e3o das outras duas.<\/li>\r\n<\/ul>\r\n\r\n\r\n\r\n<h3 class=\"wp-block-heading\">O Plano como elemento visual<\/h3>\r\n\r\n\r\n\r\n<p>O Ele se forma atrav\u00e9s de uma linha em movimento, em outra que n\u00e3o seja em dire\u00e7\u00e3o e nem de sua ess\u00eancia para ent\u00e3o, se tornar um plano.<\/p>\r\n\r\n\r\n\r\n<p>Como elemento visual possui comprimento, largura, posi\u00e7\u00e3o e dire\u00e7\u00e3o, sua limita\u00e7\u00e3o s\u00e3o as linhas que definem seus extremos.<\/p>\r\n\r\n\r\n\r\n<p>Est\u00e3o divididos em:<\/p>\r\n\r\n\r\n\r\n\n\t\t<style type=\"text\/css\">\n\t\t\t#gallery-1 {\n\t\t\t\tmargin: auto;\n\t\t\t}\n\t\t\t#gallery-1 .gallery-item {\n\t\t\t\tfloat: left;\n\t\t\t\tmargin-top: 10px;\n\t\t\t\ttext-align: center;\n\t\t\t\twidth: 33%;\n\t\t\t}\n\t\t\t#gallery-1 img {\n\t\t\t\tborder: 2px solid #cfcfcf;\n\t\t\t}\n\t\t\t#gallery-1 .gallery-caption {\n\t\t\t\tmargin-left: 0;\n\t\t\t}\n\t\t\t\/* see gallery_shortcode() in wp-includes\/media.php *\/\n\t\t<\/style>\n\t\t<div id='gallery-1' class='gallery galleryid-2402 gallery-columns-3 gallery-size-fusion-200'><dl class='gallery-item'>\n\t\t\t<dt class='gallery-icon landscape'>\n\t\t\t\t<img decoding=\"async\" width=\"200\" height=\"112\" src=\"https:\/\/doitarts.com\/wp-content\/uploads\/2019\/07\/planos-geo-metricos-200x112.jpg\" class=\"attachment-fusion-200 size-fusion-200\" alt=\"Planos Geom\u00e9tricos\" aria-describedby=\"gallery-1-9020\" srcset=\"https:\/\/doitarts.com\/wp-content\/uploads\/2019\/07\/planos-geo-metricos-150x84.jpg 150w, https:\/\/doitarts.com\/wp-content\/uploads\/2019\/07\/planos-geo-metricos-200x112.jpg 200w, https:\/\/doitarts.com\/wp-content\/uploads\/2019\/07\/planos-geo-metricos-300x169.jpg 300w, https:\/\/doitarts.com\/wp-content\/uploads\/2019\/07\/planos-geo-metricos-400x225.jpg 400w, https:\/\/doitarts.com\/wp-content\/uploads\/2019\/07\/planos-geo-metricos-scaled-500x281.jpg 500w, https:\/\/doitarts.com\/wp-content\/uploads\/2019\/07\/planos-geo-metricos-600x337.jpg 600w, https:\/\/doitarts.com\/wp-content\/uploads\/2019\/07\/planos-geo-metricos-scaled-700x394.jpg 700w, https:\/\/doitarts.com\/wp-content\/uploads\/2019\/07\/planos-geo-metricos-768x432.jpg 768w, https:\/\/doitarts.com\/wp-content\/uploads\/2019\/07\/planos-geo-metricos-800x450.jpg 800w, https:\/\/doitarts.com\/wp-content\/uploads\/2019\/07\/planos-geo-metricos-scaled.jpg 900w\" sizes=\"(max-width: 200px) 100vw, 200px\" \/>\n\t\t\t<\/dt>\n\t\t\t\t<dd class='wp-caption-text gallery-caption' id='gallery-1-9020'>\n\t\t\t\tPlanos Geom\u00e9trocps\n\t\t\t\t<\/dd><\/dl><dl class='gallery-item'>\n\t\t\t<dt class='gallery-icon landscape'>\n\t\t\t\t<img decoding=\"async\" width=\"200\" height=\"112\" src=\"https:\/\/doitarts.com\/wp-content\/uploads\/2019\/07\/planos-organicos-200x112.jpg\" class=\"attachment-fusion-200 size-fusion-200\" alt=\"Planos Org\u00e2nicos\" aria-describedby=\"gallery-1-9022\" srcset=\"https:\/\/doitarts.com\/wp-content\/uploads\/2019\/07\/planos-organicos-150x84.jpg 150w, https:\/\/doitarts.com\/wp-content\/uploads\/2019\/07\/planos-organicos-200x112.jpg 200w, https:\/\/doitarts.com\/wp-content\/uploads\/2019\/07\/planos-organicos-300x169.jpg 300w, https:\/\/doitarts.com\/wp-content\/uploads\/2019\/07\/planos-organicos-400x225.jpg 400w, https:\/\/doitarts.com\/wp-content\/uploads\/2019\/07\/planos-organicos-scaled-500x281.jpg 500w, https:\/\/doitarts.com\/wp-content\/uploads\/2019\/07\/planos-organicos-600x337.jpg 600w, https:\/\/doitarts.com\/wp-content\/uploads\/2019\/07\/planos-organicos-scaled-700x394.jpg 700w, https:\/\/doitarts.com\/wp-content\/uploads\/2019\/07\/planos-organicos-768x432.jpg 768w, https:\/\/doitarts.com\/wp-content\/uploads\/2019\/07\/planos-organicos-800x450.jpg 800w, https:\/\/doitarts.com\/wp-content\/uploads\/2019\/07\/planos-organicos-scaled.jpg 900w\" sizes=\"(max-width: 200px) 100vw, 200px\" \/>\n\t\t\t<\/dt>\n\t\t\t\t<dd class='wp-caption-text gallery-caption' id='gallery-1-9022'>\n\t\t\t\tPlanos Org\u00e2nicos\n\t\t\t\t<\/dd><\/dl><dl class='gallery-item'>\n\t\t\t<dt class='gallery-icon landscape'>\n\t\t\t\t<img decoding=\"async\" width=\"200\" height=\"112\" src=\"https:\/\/doitarts.com\/wp-content\/uploads\/2019\/07\/planos-retilineos-200x112.jpg\" class=\"attachment-fusion-200 size-fusion-200\" alt=\"Planos Retil\u00edneos\" aria-describedby=\"gallery-1-9023\" srcset=\"https:\/\/doitarts.com\/wp-content\/uploads\/2019\/07\/planos-retilineos-150x84.jpg 150w, https:\/\/doitarts.com\/wp-content\/uploads\/2019\/07\/planos-retilineos-200x112.jpg 200w, https:\/\/doitarts.com\/wp-content\/uploads\/2019\/07\/planos-retilineos-300x169.jpg 300w, https:\/\/doitarts.com\/wp-content\/uploads\/2019\/07\/planos-retilineos-400x225.jpg 400w, https:\/\/doitarts.com\/wp-content\/uploads\/2019\/07\/planos-retilineos-scaled-500x281.jpg 500w, https:\/\/doitarts.com\/wp-content\/uploads\/2019\/07\/planos-retilineos-600x337.jpg 600w, https:\/\/doitarts.com\/wp-content\/uploads\/2019\/07\/planos-retilineos-scaled-700x394.jpg 700w, https:\/\/doitarts.com\/wp-content\/uploads\/2019\/07\/planos-retilineos-768x432.jpg 768w, https:\/\/doitarts.com\/wp-content\/uploads\/2019\/07\/planos-retilineos-800x450.jpg 800w, https:\/\/doitarts.com\/wp-content\/uploads\/2019\/07\/planos-retilineos-scaled.jpg 900w\" sizes=\"(max-width: 200px) 100vw, 200px\" \/>\n\t\t\t<\/dt>\n\t\t\t\t<dd class='wp-caption-text gallery-caption' id='gallery-1-9023'>\n\t\t\t\tPlanos Retil\u00edneos\n\t\t\t\t<\/dd><\/dl><br style=\"clear: both\" \/><dl class='gallery-item'>\n\t\t\t<dt class='gallery-icon landscape'>\n\t\t\t\t<img decoding=\"async\" width=\"200\" height=\"113\" src=\"https:\/\/doitarts.com\/wp-content\/uploads\/2019\/07\/planos-irregulares-200x113.jpg\" class=\"attachment-fusion-200 size-fusion-200\" alt=\"Planos Irregulares\" aria-describedby=\"gallery-1-9021\" srcset=\"https:\/\/doitarts.com\/wp-content\/uploads\/2019\/07\/planos-irregulares-150x85.jpg 150w, https:\/\/doitarts.com\/wp-content\/uploads\/2019\/07\/planos-irregulares-200x113.jpg 200w, https:\/\/doitarts.com\/wp-content\/uploads\/2019\/07\/planos-irregulares-300x169.jpg 300w, https:\/\/doitarts.com\/wp-content\/uploads\/2019\/07\/planos-irregulares-400x225.jpg 400w, https:\/\/doitarts.com\/wp-content\/uploads\/2019\/07\/planos-irregulares-scaled-500x282.jpg 500w, https:\/\/doitarts.com\/wp-content\/uploads\/2019\/07\/planos-irregulares-600x338.jpg 600w, https:\/\/doitarts.com\/wp-content\/uploads\/2019\/07\/planos-irregulares-scaled-700x394.jpg 700w, https:\/\/doitarts.com\/wp-content\/uploads\/2019\/07\/planos-irregulares-768x433.jpg 768w, https:\/\/doitarts.com\/wp-content\/uploads\/2019\/07\/planos-irregulares-800x451.jpg 800w, https:\/\/doitarts.com\/wp-content\/uploads\/2019\/07\/planos-irregulares-scaled.jpg 900w\" sizes=\"(max-width: 200px) 100vw, 200px\" \/>\n\t\t\t<\/dt>\n\t\t\t\t<dd class='wp-caption-text gallery-caption' id='gallery-1-9021'>\n\t\t\t\tPlanos Irregulares\n\t\t\t\t<\/dd><\/dl><dl class='gallery-item'>\n\t\t\t<dt class='gallery-icon landscape'>\n\t\t\t\t<img decoding=\"async\" width=\"200\" height=\"113\" src=\"https:\/\/doitarts.com\/wp-content\/uploads\/2019\/07\/planos-caligraficos-200x113.jpg\" class=\"attachment-fusion-200 size-fusion-200\" alt=\"Planos Caligr\u00e1ficos\" aria-describedby=\"gallery-1-9019\" srcset=\"https:\/\/doitarts.com\/wp-content\/uploads\/2019\/07\/planos-caligraficos-150x85.jpg 150w, https:\/\/doitarts.com\/wp-content\/uploads\/2019\/07\/planos-caligraficos-200x113.jpg 200w, https:\/\/doitarts.com\/wp-content\/uploads\/2019\/07\/planos-caligraficos-300x169.jpg 300w, https:\/\/doitarts.com\/wp-content\/uploads\/2019\/07\/planos-caligraficos-400x225.jpg 400w, https:\/\/doitarts.com\/wp-content\/uploads\/2019\/07\/planos-caligraficos-scaled-500x282.jpg 500w, https:\/\/doitarts.com\/wp-content\/uploads\/2019\/07\/planos-caligraficos-600x338.jpg 600w, https:\/\/doitarts.com\/wp-content\/uploads\/2019\/07\/planos-caligraficos-scaled-700x394.jpg 700w, https:\/\/doitarts.com\/wp-content\/uploads\/2019\/07\/planos-caligraficos-768x433.jpg 768w, https:\/\/doitarts.com\/wp-content\/uploads\/2019\/07\/planos-caligraficos-800x451.jpg 800w, https:\/\/doitarts.com\/wp-content\/uploads\/2019\/07\/planos-caligraficos-scaled.jpg 900w\" sizes=\"(max-width: 200px) 100vw, 200px\" \/>\n\t\t\t<\/dt>\n\t\t\t\t<dd class='wp-caption-text gallery-caption' id='gallery-1-9019'>\n\t\t\t\tPlanos Caligr\u00e1ficos\n\t\t\t\t<\/dd><\/dl><dl class='gallery-item'>\n\t\t\t<dt class='gallery-icon landscape'>\n\t\t\t\t<img decoding=\"async\" width=\"200\" height=\"113\" src=\"https:\/\/doitarts.com\/wp-content\/uploads\/2019\/07\/planos-acidentais-200x113.jpg\" class=\"attachment-fusion-200 size-fusion-200\" alt=\"Planos Acidentais\" aria-describedby=\"gallery-1-9018\" srcset=\"https:\/\/doitarts.com\/wp-content\/uploads\/2019\/07\/planos-acidentais-150x85.jpg 150w, https:\/\/doitarts.com\/wp-content\/uploads\/2019\/07\/planos-acidentais-200x113.jpg 200w, https:\/\/doitarts.com\/wp-content\/uploads\/2019\/07\/planos-acidentais-300x169.jpg 300w, https:\/\/doitarts.com\/wp-content\/uploads\/2019\/07\/planos-acidentais-400x225.jpg 400w, https:\/\/doitarts.com\/wp-content\/uploads\/2019\/07\/planos-acidentais-scaled-500x282.jpg 500w, https:\/\/doitarts.com\/wp-content\/uploads\/2019\/07\/planos-acidentais-600x338.jpg 600w, https:\/\/doitarts.com\/wp-content\/uploads\/2019\/07\/planos-acidentais-scaled-700x394.jpg 700w, https:\/\/doitarts.com\/wp-content\/uploads\/2019\/07\/planos-acidentais-768x433.jpg 768w, https:\/\/doitarts.com\/wp-content\/uploads\/2019\/07\/planos-acidentais-800x451.jpg 800w, https:\/\/doitarts.com\/wp-content\/uploads\/2019\/07\/planos-acidentais-scaled.jpg 900w\" sizes=\"(max-width: 200px) 100vw, 200px\" \/>\n\t\t\t<\/dt>\n\t\t\t\t<dd class='wp-caption-text gallery-caption' id='gallery-1-9018'>\n\t\t\t\tPlanos Acidentais\n\t\t\t\t<\/dd><\/dl><br style=\"clear: both\" \/>\n\t\t<\/div>\n\r\n\r\n\r\n\r\n\r\n\r\n<ul>\r\n<li><strong>Geom\u00e9tricos<\/strong> &#8211; s\u00e3o constru\u00eddos matematicamente e apresentam um maior equil\u00edbrio;<\/li>\r\n<li><strong>Org\u00e2nicos<\/strong> &#8211; s\u00e3o limitados por curvas livres, que podem sugerir fluidez e crescimento;\r\n\r\n<\/li>\r\n<li><strong>Retil\u00edneos<\/strong> &#8211; s\u00e3o retas que n\u00e3o se relacionam umas com as outras, mas formam planos;\r\n\r\n<\/li>\r\n<li><strong>Irregulares<\/strong> &#8211; s\u00e3o limitados por linhas retas e curvas, mas que n\u00e3o possuem rela\u00e7\u00e3o matem\u00e1tica;\r\n\r\n<\/li>\r\n<li><strong>Caligr\u00e1ficos<\/strong> &#8211; s\u00e3o criados com aux\u00edlio de instrumento, composto por linhas org\u00e2nicas;\r\n\r\n<\/li>\r\n<li><strong>Acidentais<\/strong> &#8211; s\u00e3o determinados pelo efeito de processos especiais ou s\u00e3o obtido ocasionalmente.<\/li>\r\n<\/ul>\r\n\r\n\r\n\r\n<h3 class=\"wp-block-heading\">O Volume\u00a0<\/h3>\r\n\r\n\r\n\r\n<p>O volume \u00e9 a trajet\u00f3ria de um <strong>plano<\/strong> em movimento. Logo possuem posi\u00e7\u00e3o no espa\u00e7o e \u00e9 limitado por planos.<\/p>\r\n<p><a href=\"https:\/\/doitarts.com\/wp-content\/uploads\/2019\/07\/dice-4249163_640-1.jpg\"><img decoding=\"async\" class=\"aligncenter wp-image-2422\" title=\"O ponto a linha o plano o volume e a cor\" src=\"https:\/\/doitarts.com\/wp-content\/uploads\/2019\/07\/dice-4249163_640-1-300x169.jpg\" alt=\"Volume\" width=\"462\" height=\"260\" \/><\/a><\/p>\r\n\r\n\r\n\r\n\r\n\r\n<p>O volume pode ser f\u00edsico como uma pedra ou pode ser criado atrav\u00e9s de desenhos como ilustra\u00e7\u00e3o em uma superf\u00edcie plana.<\/p>\r\n\r\n\r\n\r\n<h3 class=\"wp-block-heading\">A Cor na linguagem visual<\/h3>\r\n\r\n\r\n\r\n<p>A cor \u00e9 o elemento que mais tem afinidade com as emo\u00e7\u00f5es, na linguagem visual \u00e9 o fundamento da express\u00e3o.<\/p>\r\n<p><a href=\"https:\/\/doitarts.com\/wp-content\/uploads\/2019\/07\/kids-2985782_640-1.jpg\"><img decoding=\"async\" class=\"aligncenter wp-image-2424\" title=\"O ponto a linha o plano o volume e a cor\" src=\"https:\/\/doitarts.com\/wp-content\/uploads\/2019\/07\/kids-2985782_640-1-300x200.jpg\" alt=\"A Cor\" width=\"464\" height=\"309\" \/><\/a><\/p>\r\n\r\n\r\n\r\n\r\n\r\n<p>Em comunica\u00e7\u00e3o visual ela vibra a retina, provoca emo\u00e7\u00e3o, \u00e9 construtiva e tem significado pr\u00f3prio.<\/p>\r\n\r\n\r\n\r\n<p>O ponto, a linha, o plano, o volume e a cor no design s\u00e3o elementos que inevitavelmente ir\u00e3o compor seus trabalhos. Mas n\u00e3o \u00e9 somente isso. Em breve vamos detalhar melhor outros elementos essenciais&#8230;<\/p>\r\n\r\n\r\n\r\n<blockquote class=\"wp-block-quote is-layout-flow wp-block-quote-is-layout-flow\">\r\n<p><em>Esperamos ter ajudado, por favor curta e compartilhe nosso conte\u00fado para que mais pessoas entendam sobre Design e seus conceitos.<\/em><\/p>\r\n<p><em>Muito Obrigado!<\/em><\/p>\r\n<cite>Do It Arts<\/cite><\/blockquote>\r\n\r\n\r\n\r\n<p>&nbsp;<\/p>\r\n","protected":false},"excerpt":{"rendered":"<p>No design o ponto, a linha, o plano, o volume e a cor s\u00e3o conceitos que implicam na comunica\u00e7\u00e3o n\u00e3o  [&#8230;]<\/p>\n","protected":false},"author":1,"featured_media":9027,"comment_status":"closed","ping_status":"open","sticky":false,"template":"","format":"standard","meta":{"footnotes":""},"categories":[2],"tags":[111,112,113,114,115],"class_list":["post-2402","post","type-post","status-publish","format-standard","has-post-thumbnail","hentry","category-fundamentos-do-design","tag-cor","tag-linha","tag-o-plano","tag-o-ponto","tag-o-volume"],"_links":{"self":[{"href":"https:\/\/doitarts.com\/wp-json\/wp\/v2\/posts\/2402","targetHints":{"allow":["GET"]}}],"collection":[{"href":"https:\/\/doitarts.com\/wp-json\/wp\/v2\/posts"}],"about":[{"href":"https:\/\/doitarts.com\/wp-json\/wp\/v2\/types\/post"}],"author":[{"embeddable":true,"href":"https:\/\/doitarts.com\/wp-json\/wp\/v2\/users\/1"}],"replies":[{"embeddable":true,"href":"https:\/\/doitarts.com\/wp-json\/wp\/v2\/comments?post=2402"}],"version-history":[{"count":11,"href":"https:\/\/doitarts.com\/wp-json\/wp\/v2\/posts\/2402\/revisions"}],"predecessor-version":[{"id":12906,"href":"https:\/\/doitarts.com\/wp-json\/wp\/v2\/posts\/2402\/revisions\/12906"}],"wp:featuredmedia":[{"embeddable":true,"href":"https:\/\/doitarts.com\/wp-json\/wp\/v2\/media\/9027"}],"wp:attachment":[{"href":"https:\/\/doitarts.com\/wp-json\/wp\/v2\/media?parent=2402"}],"wp:term":[{"taxonomy":"category","embeddable":true,"href":"https:\/\/doitarts.com\/wp-json\/wp\/v2\/categories?post=2402"},{"taxonomy":"post_tag","embeddable":true,"href":"https:\/\/doitarts.com\/wp-json\/wp\/v2\/tags?post=2402"}],"curies":[{"name":"wp","href":"https:\/\/api.w.org\/{rel}","templated":true}]}}