{"id":156,"date":"2017-07-03T03:32:32","date_gmt":"2017-07-03T07:32:32","guid":{"rendered":"http:\/\/localhost\/doitarts\/?p=156"},"modified":"2022-06-22T11:05:43","modified_gmt":"2022-06-22T02:05:43","slug":"charles-chaplin","status":"publish","type":"post","link":"https:\/\/doitarts.com\/inspiracao\/pensamentos\/charles-chaplin\/","title":{"rendered":"Charles Chaplin &#8211; A persist\u00eancia \u00e9 o caminho do \u00eaxito."},"content":{"rendered":"<blockquote><p>\u201cA persist\u00eancia \u00e9 o caminho do \u00eaxito.\u201d\u00a0<strong>Charles Chaplin<\/strong><\/p><\/blockquote>\n<h2>Sir <b>Charles Spencer Chaplin:\u00a0<\/b><\/h2>\n<ul>\n<li>Ator;<\/li>\n<li>diretor;<\/li>\n<li>produtor;<\/li>\n<li>humorista;<\/li>\n<li>empres\u00e1rio;<\/li>\n<li>escritor;<\/li>\n<li>comediante;<\/li>\n<li>dan\u00e7arino;<\/li>\n<li>roteirista;<\/li>\n<li>m\u00fasico brit\u00e2nico.<\/li>\n<\/ul>\n<p>Chaplin foi um dos atores da era do cinema mudo, notabilizado pelo uso de m\u00edmica e da com\u00e9dia pastel\u00e3o.<\/p>\n<blockquote><p>Em 2008, em uma resenha do livro <i><a class=\"new\" title=\"Chaplin: A Life (p\u00e1gina n\u00e3o existe)\" href=\"https:\/\/pt.wikipedia.org\/w\/index.php?title=Chaplin:_A_Life&amp;action=edit&amp;redlink=1\" rel=\"nofollow noopener\" target=\"_blank\">Chaplin: A Life<\/a><\/i>, Martin Sieff escreve: <i>&#8220;Chaplin n\u00e3o foi apenas &#8216;grande&#8217;, ele foi gigantesco. Em 1915, ele estourou um mundo dilacerado pela guerra trazendo o dom da com\u00e9dia, risos e al\u00edvio enquanto ele pr\u00f3prio estava se dividindo ao meio pela <a title=\"Primeira Guerra Mundial\" href=\"https:\/\/pt.wikipedia.org\/wiki\/Primeira_Guerra_Mundial\" rel=\"nofollow noopener\" target=\"_blank\">Primeira Guerra Mundial<\/a>.<\/i><\/p>\n<p>N\u00e3o se esque\u00e7a e curtir e compartilhar.<\/p><\/blockquote>\n","protected":false},"excerpt":{"rendered":"<p>\u201cA persist\u00eancia \u00e9 o caminho do \u00eaxito.\u201d\u00a0Charles Chaplin Sir Charles Spencer Chaplin:\u00a0 Ator; diretor; produtor; humorista; empres\u00e1rio; escritor; comediante; dan\u00e7arino;  [&#8230;]<\/p>\n","protected":false},"author":1,"featured_media":895,"comment_status":"closed","ping_status":"closed","sticky":false,"template":"","format":"standard","meta":{"footnotes":""},"categories":[14],"tags":[18],"class_list":["post-156","post","type-post","status-publish","format-standard","has-post-thumbnail","hentry","category-pensamentos","tag-inspiracao"],"_links":{"self":[{"href":"https:\/\/doitarts.com\/wp-json\/wp\/v2\/posts\/156","targetHints":{"allow":["GET"]}}],"collection":[{"href":"https:\/\/doitarts.com\/wp-json\/wp\/v2\/posts"}],"about":[{"href":"https:\/\/doitarts.com\/wp-json\/wp\/v2\/types\/post"}],"author":[{"embeddable":true,"href":"https:\/\/doitarts.com\/wp-json\/wp\/v2\/users\/1"}],"replies":[{"embeddable":true,"href":"https:\/\/doitarts.com\/wp-json\/wp\/v2\/comments?post=156"}],"version-history":[{"count":0,"href":"https:\/\/doitarts.com\/wp-json\/wp\/v2\/posts\/156\/revisions"}],"wp:featuredmedia":[{"embeddable":true,"href":"https:\/\/doitarts.com\/wp-json\/wp\/v2\/media\/895"}],"wp:attachment":[{"href":"https:\/\/doitarts.com\/wp-json\/wp\/v2\/media?parent=156"}],"wp:term":[{"taxonomy":"category","embeddable":true,"href":"https:\/\/doitarts.com\/wp-json\/wp\/v2\/categories?post=156"},{"taxonomy":"post_tag","embeddable":true,"href":"https:\/\/doitarts.com\/wp-json\/wp\/v2\/tags?post=156"}],"curies":[{"name":"wp","href":"https:\/\/api.w.org\/{rel}","templated":true}]}}