{"id":11823,"date":"2024-09-19T04:42:09","date_gmt":"2024-09-19T08:42:09","guid":{"rendered":"https:\/\/doitarts.com\/?p=11823"},"modified":"2025-12-06T06:45:21","modified_gmt":"2025-12-06T10:45:21","slug":"o-que-e-design-um-conceito-muito-alem-da-estetica-visual","status":"publish","type":"post","link":"https:\/\/doitarts.com\/fundamentos-do-design\/o-que-e-design-um-conceito-muito-alem-da-estetica-visual\/","title":{"rendered":"O que \u00e9 Design? O conceito al\u00e9m da Est\u00e9tica Visual"},"content":{"rendered":"<p data-id=\"c8108a79-97d4-4dbd-b7b7-bea27ee49c2a\" data-pm-slice=\"1 1 []\"><strong><a href=\"https:\/\/doitarts.com\/conceitos\/vamos-definir-o-que-e-design-2\/\">Design<\/a><\/strong> \u00e9 muito mais do que apenas criar algo bonito. \u00c9 uma combina\u00e7\u00e3o de planejamento, funcionalidade e est\u00e9tica. Neste artigo, iremos a fundo na origem da palavra e do conceito, al\u00e9m de em como o design pode ser aplicado de forma pr\u00e1tica no seu dia a dia, desmistificando o papel de um designer real.<\/p>\n<h2>O que \u00e9 Design? Como o Conceito Evolui para Al\u00e9m do Est\u00e9tico<\/h2>\n<p data-id=\"c8108a79-97d4-4dbd-b7b7-bea27ee49c2a\" data-pm-slice=\"1 1 []\">Embora a palavra <strong>Design<\/strong> seja usada em ingl\u00eas moderno, vem originalmente da palavra latina &#8220;designare&#8221;, que significa designar ou desenhar. Neste contexto \u00e9 poss\u00edvel destacar uma dualidade \u2014 planejamento e execu\u00e7\u00e3o \u2014 isso nos ajuda a entender melhor o conceito que pode ser aplicado \u00e0 organiza\u00e7\u00e3o ou \u00e0 cria\u00e7\u00e3o de um projeto.<\/p>\n<h3>Assista o meu v\u00eddeo sobre o mesmo tema<\/h3>\n<p data-id=\"c8108a79-97d4-4dbd-b7b7-bea27ee49c2a\" data-pm-slice=\"1 1 []\"><div class=\"fusion-video fusion-youtube fusion-aligncenter\" style=\"--awb-max-width:600px;--awb-max-height:360px;--awb-width:100%;\" data-autoplay=\"1\"><div class=\"video-shortcode\"><div class=\"fluid-width-video-wrapper\" style=\"padding-top:60%;\" ><iframe class=\"fusion-hidden\" data-privacy-type=\"youtube\" src=\"\" title=\"YouTube video player 1\" data-privacy-src=\"https:\/\/www.youtube.com\/embed\/MCTRSbZqsLY?wmode=transparent&autoplay=0\" width=\"600\" height=\"360\" allowfullscreen allow=\"autoplay; clipboard-write; encrypted-media; gyroscope; picture-in-picture;\"><\/iframe><div class=\"fusion-privacy-placeholder\" style=\"width:600px; height:360px;\" data-privacy-type=\"youtube\"><div class=\"fusion-privacy-placeholder-content\"><div class=\"fusion-privacy-label\">For privacy reasons YouTube needs your permission to be loaded. For more details, please see our <a class=\"privacy-policy-link\" href=\"https:\/\/doitarts.com\/politica-de-privacidade\/\" rel=\"privacy-policy\">Pol\u00edtica de Privacidade<\/a>.<\/div><button data-privacy-type=\"youtube\" class=\"fusion-button button-default fusion-button-default-size button fusion-privacy-consent\">I Accept<\/button><\/div><\/div><\/div><\/div><\/div><\/p>\n<p>Por exemplo, quando falamos sobre a cria\u00e7\u00e3o de uma pe\u00e7a gr\u00e1fica, podemos deduzir que \u00e9 um processo inicial. Na na l\u00edngua portuguesa, esse verbo &#8220;designar&#8221;, denota o &#8220;apotar\/mostrar&#8221;, e tamb\u00e9m o &#8220;simbolizar\/significar&#8221;.<\/p>\n<p>Isso nos leva ao objetivo que uma composi\u00e7\u00e3o deve alcan\u00e7ar. Apenas depois disso se passa \u00e0 cria\u00e7\u00e3o visual. Essa pr\u00e1tica envolve tanto a concep\u00e7\u00e3o intelectual quanto a materializa\u00e7\u00e3o do que foi idealizado.<\/p>\n<h3>A Import\u00e2ncia de Projetos Bem Elaborados no Mundo Moderno<\/h3>\n<p>\u00c9 comum associarmos o termo &#8220;Design&#8221; \u00e0 cria\u00e7\u00e3o de objetos esteticamente agrad\u00e1veis, bonitos e de bom gosto, mas ele vai al\u00e9m disso. No dia-a-dia, ele desempenha um papel fundamental, influenciando a forma como interagimos com objetos, decidimos, elaboramos espa\u00e7os e at\u00e9 como criamos sistemas complexos. Pense, por exemplo, em um smartphone: sua import\u00e2ncia n\u00e3o est\u00e1 apenas na apar\u00eancia, mas tamb\u00e9m na funcionalidade e na facilidade de uso.<\/p>\n<p>Segundo Don Norman, autor de &#8220;O Design do Dia-a-Dia&#8221;, um projeto bem feito deve priorizar a experi\u00eancia do usu\u00e1rio. Isto est\u00e1 ligado a est\u00e9tica, por\u00e9m o autor vai al\u00e9m e argumenta que a beleza, sozinha, n\u00e3o \u00e9 suficiente: o verdadeiro valor est\u00e1 em criar solu\u00e7\u00f5es pr\u00e1ticas e intuitivas para problemas reais.<\/p>\n<hr \/>\n<h2>O Design Entre Abstrato e Concreto<\/h2>\n<h3>O Processo Intelectual do Design<\/h3>\n<p>Quando falamos de <strong>conceito de projeto<\/strong>, n\u00e3o estamos apenas nos referindo \u00e0 cria\u00e7\u00e3o de objetos f\u00edsicos. Existe uma camada abstrata, onde o foco est\u00e1 em <strong>projetar ideias<\/strong>. Este \u00e9 o lado intelectual, costumo dizer que \u00e9 o lado idea\u00e7\u00e3o do trabalho, onde criamos o m\u00e9todo para atingir um objetivo, isso envolve imaginar e conceber solu\u00e7\u00f5es para problemas ou necessidades. Por exemplo, pense no desenvolvimento de campanhas publicit\u00e1rias, o planejamento estrat\u00e9gico, comunica\u00e7\u00e3o, segmenta\u00e7\u00e3o vem antes de qualquer trabalho gr\u00e1fico.<\/p>\n<p>Essa caracter\u00edstica abstrata estabelece requisitos que s\u00e3o respondidos atrav\u00e9s das pe\u00e7as gr\u00e1ficas ou produtos, em certos aspectos \u00e9 o que diferencia o trabalho do designer.<\/p>\n<p>Trata-se de uma abordagem hol\u00edstica, onde consideramos n\u00e3o s\u00f3 o que ser\u00e1 feito, mas tamb\u00e9m como ele ser\u00e1 utilizado, quem o utilizar\u00e1 e o impacto que causar\u00e1. Este planejamento evita o desperd\u00edcio de tempo, pessoal e diminui poss\u00edveis desperd\u00edcios ao ambiente.<\/p>\n<h3>O Processo de Concretiza\u00e7\u00e3o<\/h3>\n<p>O <strong>desenvolvimento concreto<\/strong> envolve a execu\u00e7\u00e3o, \u00e9 nesta etapa em que o projeto ganha forma. Nesta etapa, entramos com as habilidades t\u00e9cnicas, como o uso de softwares ou a manipula\u00e7\u00e3o de materiais. \u00c9 o momento em que a concep\u00e7\u00e3o intelectual se transforma em algo palp\u00e1vel, sa\u00edmos do mundo das ideias e chegamos ao mundo real.<\/p>\n<hr \/>\n<h2>Muito Al\u00e9m da Simples Apar\u00eancia<\/h2>\n<p>Os Projetos de cria\u00e7\u00e3o est\u00e3o presentes em diversas \u00e1reas de nossa vida. Desde o desenvolvimento gr\u00e1fico at\u00e9 o de produtos, cada campo exige um olhar atento para diferentes aspectos. No <strong>gr\u00e1fico<\/strong>, a prioridade \u00e9 a cria\u00e7\u00e3o de comunica\u00e7\u00e3o atrav\u00e9s de interfaces que comuniquem mensagens de forma clara, atraente e interativa. J\u00e1 no <strong>produto<\/strong>, nosso foco passa a ser a cria\u00e7\u00e3o de objetos que equilibrem funcionalidade, est\u00e9tica e a experi\u00eancia do usu\u00e1rio.<\/p>\n<ul>\n<li><strong>Gr\u00e1fico:<\/strong> Identidade visual, branding, interface.<\/li>\n<li><strong>Produto:<\/strong> Desenvolvimento de itens que equilibram utilidade e forma.<\/li>\n<li><strong>Servi\u00e7os:<\/strong> Cria\u00e7\u00e3o de experi\u00eancias integradas para usu\u00e1rios.<\/li>\n<\/ul>\n<h3>A Relev\u00e2ncia da Usabilidade nos Projetos<\/h3>\n<p>Um dos princ\u00edpios mais importantes do <a rel=\"dofollow noopener\" href=\"https:\/\/www.youtube.com\/@DesignOutrasCoisas\" target=\"_blank\"><strong>processo criativo<\/strong><\/a> \u00e9 a <strong>usabilidade<\/strong>. N\u00e3o adianta criar algo visualmente atraente se n\u00e3o for intuitivo ou pr\u00e1tico de usar ou us\u00e1vel. Um exemplo claro \u00e9 o design de ma\u00e7anetas: sua simplicidade permite que qualquer pessoa saiba como us\u00e1-las, o que reflete um \u00f3timo trabalho de funcionalidade.<\/p>\n<p>Hoje em dia a tend\u00eancia atual \u00e9 criar solu\u00e7\u00f5es centradas no usu\u00e1rio, especialmente no desenvolvimento de interfaces digitais e experi\u00eancia do usu\u00e1rio (UI\/UX).<\/p>\n<p>Essa abordagem \u00e9 desafiadora, por esse motivo temos hoje em dia sistemas mais integrados digitalmente e menos mec\u00e2nicos, com o advento das intelig\u00eancias artificiais ainda n\u00e3o \u00e9 poss\u00edvel mensurar se os usu\u00e1rios ir\u00e3o ficar mais inteligentes ou mais acomodados. Isto pode impactar futuramente em produtos para um nicho de clientes diferente de consumidores atuais.<\/p>\n<hr \/>\n<h2>O Futuro do Design: Tend\u00eancias e Inova\u00e7\u00f5es<\/h2>\n<p>Com o avan\u00e7o tecnol\u00f3gico, o trabalho criativo tem se expandido e adaptado para novas \u00e1reas. O desenvolvimento de interfaces digitais, por exemplo, tornou-se fundamental. <strong>UI\/UX<\/strong> s\u00e3o campos essenciais para o sucesso de qualquer produto digital.<\/p>\n<p>O desafio atual \u00e9 criar experi\u00eancias interativas. Tecnologias como intelig\u00eancia artificial e realidade aumentada est\u00e3o transformando o trabalho criativo e abrindo novas possibilidades para os designers.<\/p>\n<p>Frente a isto temos um mecanismos de cria\u00e7\u00e3o mais eficiente, por\u00e9m menos cir\u00fargico, a ado\u00e7\u00e3o das intelig\u00eancias artificiais facilita a cria\u00e7\u00e3o e concep\u00e7\u00e3o de uma ideia. Por\u00e9m seu refinamento ainda se d\u00e1 atrav\u00e9s de uma interven\u00e7\u00e3o humana. A profiss\u00e3o de designer n\u00e3o morreu, mas procura se adaptar a novas demandas de mercado.<\/p>\n<h3>Sustentabilidade e Inova\u00e7\u00e3o<\/h3>\n<p>Este \u00e9 um assunto muito delicado, uma hora temos a grande demanda consumidora, outra hora temos jatinhos que consomem mais CO2 que voos comerciais. Muitas vezes o que temos \u00e9 uma demanda criada artificialmente, por exemplo os carros el\u00e9tricos, sua matriz energ\u00e9tica \u00e9 limpa num dado momento, mas em \u00faltima an\u00e1lise o impacto ambiental para se criar uma matriz el\u00e9trica \u00e9 maior, e por vezes devastador.<\/p>\n<p>Neste ponto o Design sustent\u00e1vel e respons\u00e1vel, tem a necessidade de ir mais a fundo a fim de resolver esta demanda, n\u00e3o cabe a ele julgar se a demanda\u00a0 \u00e9 artificial ou n\u00e3o, por\u00e9m \u00e9 seu dever entender que isso existe e dentro de suas capacidades responder a isso.<\/p>\n<p>Cada vez mais, os profissionais da \u00e1rea s\u00e3o desafiados a criar produtos que causem o menor impacto poss\u00edvel ao meio ambiente. Por esse motivo estudamos materiais, m\u00e9todos, m\u00e9todos sustent\u00e1veis, a \u00e9tica nos processos de produ\u00e7\u00e3o e a redu\u00e7\u00e3o do desperd\u00edcio.<\/p>\n<p>O designer futuramente ter\u00e1 que reencontrar o equil\u00edbrio dentro dos desafios propostos aqui neste artigo, seja a funcionalidade, est\u00e9tica ou a\u00a0 sustentabilidade, suas solu\u00e7\u00f5es necessitam ser pr\u00e1ticas engajadas e ambientalmente respons\u00e1vel.<\/p>\n<h3>A Transforma\u00e7\u00e3o Atrav\u00e9s do Design<\/h3>\n<p>Os projetos de profissionais da \u00e1rea s\u00e3o muito mais do que a cria\u00e7\u00f5es de algo bonito. Eles envolvem planejamento estrat\u00e9gico, execu\u00e7\u00e3o e a solu\u00e7\u00e3o de problemas,\u00a0e\u00a0por vezes um pensamento cr\u00edtico sobre seus resultados. Desde a fase de idea\u00e7\u00e3o na concep\u00e7\u00e3o abstrata da ideia at\u00e9 a finaliza\u00e7\u00e3o f\u00edsica de um produto, o Design vem moldando quase todos os aspectos de nossa vida.<\/p>\n<p>Em ess\u00eancia o trabalho de um designer \u00e9 ajudar a melhorar a vida das pessoas, criando solu\u00e7\u00f5es intuitivas, pr\u00e1ticas, est\u00e9ticas e funcionais. Seja um\u00a0 produto, uma interface ou experi\u00eancia, ele est\u00e1 sempre focado em resolver problemas e oferecer solu\u00e7\u00f5es inovadoras.<\/p>\n","protected":false},"excerpt":{"rendered":"<p>Design \u00e9 muito mais do que apenas criar algo bonito. \u00c9 uma combina\u00e7\u00e3o de planejamento, funcionalidade e est\u00e9tica. Neste artigo,  [&#8230;]<\/p>\n","protected":false},"author":1,"featured_media":11844,"comment_status":"closed","ping_status":"closed","sticky":false,"template":"","format":"standard","meta":{"footnotes":""},"categories":[20,2],"tags":[35,1519,744],"class_list":["post-11823","post","type-post","status-publish","format-standard","has-post-thumbnail","hentry","category-blog","category-fundamentos-do-design","tag-design","tag-processo-criativo","tag-usabilidade"],"_links":{"self":[{"href":"https:\/\/doitarts.com\/wp-json\/wp\/v2\/posts\/11823","targetHints":{"allow":["GET"]}}],"collection":[{"href":"https:\/\/doitarts.com\/wp-json\/wp\/v2\/posts"}],"about":[{"href":"https:\/\/doitarts.com\/wp-json\/wp\/v2\/types\/post"}],"author":[{"embeddable":true,"href":"https:\/\/doitarts.com\/wp-json\/wp\/v2\/users\/1"}],"replies":[{"embeddable":true,"href":"https:\/\/doitarts.com\/wp-json\/wp\/v2\/comments?post=11823"}],"version-history":[{"count":3,"href":"https:\/\/doitarts.com\/wp-json\/wp\/v2\/posts\/11823\/revisions"}],"predecessor-version":[{"id":12972,"href":"https:\/\/doitarts.com\/wp-json\/wp\/v2\/posts\/11823\/revisions\/12972"}],"wp:featuredmedia":[{"embeddable":true,"href":"https:\/\/doitarts.com\/wp-json\/wp\/v2\/media\/11844"}],"wp:attachment":[{"href":"https:\/\/doitarts.com\/wp-json\/wp\/v2\/media?parent=11823"}],"wp:term":[{"taxonomy":"category","embeddable":true,"href":"https:\/\/doitarts.com\/wp-json\/wp\/v2\/categories?post=11823"},{"taxonomy":"post_tag","embeddable":true,"href":"https:\/\/doitarts.com\/wp-json\/wp\/v2\/tags?post=11823"}],"curies":[{"name":"wp","href":"https:\/\/api.w.org\/{rel}","templated":true}]}}